{"id":145,"date":"2007-07-27T03:12:58","date_gmt":"2007-07-27T03:12:58","guid":{"rendered":"http:\/\/stefano.salvatori.cl\/blog\/2007\/07\/27\/nuevo-celular-sony-ericsson-w300i\/"},"modified":"2007-07-27T03:12:58","modified_gmt":"2007-07-27T03:12:58","slug":"nuevo-celular-sony-ericsson-w300i","status":"publish","type":"post","link":"https:\/\/stefano.salvatori.cl\/blog\/2007\/07\/27\/nuevo-celular-sony-ericsson-w300i\/","title":{"rendered":"Nuevo celular Sony Ericsson w300i"},"content":{"rendered":"<p><img data-recalc-dims=\"1\" decoding=\"async\" src=\"https:\/\/i0.wp.com\/stefano.salvatori.cl\/blog\/wp-content\/uploads\/2007\/07\/img.thumbnail.jpg?w=625&#038;ssl=1\" alt=\"sony w300\" \/> Hoy he vuelvo de mi visita a santiago para asistir al <a href=\"http:\/\/www.ciw.cl\/eventos\/emergentes_2007.html\" title=\"ciw 2007\" target=\"_blank\">Taller de Topicos Emergentes en la Web,<\/a> (sistimos junto con <a href=\"http:\/\/www.bloog.cl\" title=\"bloog.cl\" target=\"_blank\">Felipe<\/a>, <a href=\"http:\/\/diego.deletras.cl\" title=\"diego\" target=\"_blank\">Diego<\/a>, Rodrigo) y me he encontrado con la grata sorpresa que mi nuevo celular habia llegado, no er\u00c3\u00a1 el nokia 6230 que yo pensaba que me comprarian sino un flamante <a href=\"http:\/\/www.sonyericsson.com\/spg.jsp?cc=mx&amp;lc=es&amp;ver=4000&amp;template=pip1&amp;pid=10415&amp;zone=pp\" title=\"sony ericsson w300i\" target=\"_blank\">sony ericsson w300i.<\/a><\/p>\n<p>Estoy muy contento con mi nueva adquision y mi viaje a la capital, espero que este taller web traiga nuevos proyectos, por lo menos las ideas est\u00c3\u00a1n ahora hay que comenzar a trabajar no mas.<\/p>\n<p>Espero\u00c2  pronto\u00c2  realizar un review del\u00c2  telefono,\u00c2  o por lo menos compartir links o cosas asi , esten atentos<\/p>\n","protected":false},"excerpt":{"rendered":"<p>Hoy he vuelvo de mi visita a santiago para asistir al Taller de Topicos Emergentes en la Web, (sistimos junto con Felipe, Diego, Rodrigo) y me he encontrado con la grata sorpresa que mi nuevo celular habia llegado, no er\u00c3\u00a1 el nokia 6230 que yo pensaba que me comprarian sino un flamante sony ericsson w300i. [&hellip;]<\/p>\n","protected":false},"author":1,"featured_media":0,"comment_status":"open","ping_status":"closed","sticky":false,"template":"","format":"standard","meta":{"jetpack_post_was_ever_published":false,"_jetpack_newsletter_access":"","_jetpack_dont_email_post_to_subs":false,"_jetpack_newsletter_tier_id":0,"_jetpack_memberships_contains_paywalled_content":false,"_jetpack_memberships_contains_paid_content":false,"footnotes":"","jetpack_publicize_message":"","jetpack_publicize_feature_enabled":true,"jetpack_social_post_already_shared":false,"jetpack_social_options":{"image_generator_settings":{"template":"highway","default_image_id":0,"font":"","enabled":false},"version":2}},"categories":[17,2,40],"tags":[],"class_list":["post-145","post","type-post","status-publish","format-standard","hentry","category-universidad","category-personal","category-w300"],"jetpack_publicize_connections":[],"jetpack_featured_media_url":"","jetpack_shortlink":"https:\/\/wp.me\/p5Pxa3-2l","jetpack_sharing_enabled":true,"_links":{"self":[{"href":"https:\/\/stefano.salvatori.cl\/blog\/wp-json\/wp\/v2\/posts\/145","targetHints":{"allow":["GET"]}}],"collection":[{"href":"https:\/\/stefano.salvatori.cl\/blog\/wp-json\/wp\/v2\/posts"}],"about":[{"href":"https:\/\/stefano.salvatori.cl\/blog\/wp-json\/wp\/v2\/types\/post"}],"author":[{"embeddable":true,"href":"https:\/\/stefano.salvatori.cl\/blog\/wp-json\/wp\/v2\/users\/1"}],"replies":[{"embeddable":true,"href":"https:\/\/stefano.salvatori.cl\/blog\/wp-json\/wp\/v2\/comments?post=145"}],"version-history":[{"count":0,"href":"https:\/\/stefano.salvatori.cl\/blog\/wp-json\/wp\/v2\/posts\/145\/revisions"}],"wp:attachment":[{"href":"https:\/\/stefano.salvatori.cl\/blog\/wp-json\/wp\/v2\/media?parent=145"}],"wp:term":[{"taxonomy":"category","embeddable":true,"href":"https:\/\/stefano.salvatori.cl\/blog\/wp-json\/wp\/v2\/categories?post=145"},{"taxonomy":"post_tag","embeddable":true,"href":"https:\/\/stefano.salvatori.cl\/blog\/wp-json\/wp\/v2\/tags?post=145"}],"curies":[{"name":"wp","href":"https:\/\/api.w.org\/{rel}","templated":true}]}}