{"id":31,"date":"2006-09-20T13:55:33","date_gmt":"2006-09-20T13:55:33","guid":{"rendered":"http:\/\/stefano.zero.org\/blog\/2006\/09\/20\/recordatorio-apagalo\/"},"modified":"2006-09-20T13:56:21","modified_gmt":"2006-09-20T13:56:21","slug":"recordatorio-apagalo","status":"publish","type":"post","link":"https:\/\/stefano.salvatori.cl\/blog\/2006\/09\/20\/recordatorio-apagalo\/","title":{"rendered":"Recordatorio: APAGALO!!!"},"content":{"rendered":"<p><img data-recalc-dims=\"1\" loading=\"lazy\" decoding=\"async\" width=\"173\" height=\"170\" align=\"left\" src=\"https:\/\/i0.wp.com\/www.apagalo.org\/merchan\/alex_sandoval_332x328.png?resize=173%2C170\" \/><\/p>\n<p>Apagen su celular este 29 de septiembre.<\/p>\n<p>&#8220;Ap\u00e1galo es una campa\u00f1a nacional de protesta  contra las tarifas abusivas de los operadores de telefon\u00eda m\u00f3vil, las que cobran hasta m\u00e1s de 100 veces m\u00e1s por una llamada local desde el celular en comparaci\u00f3n a un tel\u00e9fono fijo (llamada local $2 desde tel\u00e9fono fijo (horario econ\u00f3mico), celular hasta $300 pesos por minuto a tel\u00e9fono fijo).&#8221;<\/p>\n<p><a href=\"http:\/\/www.apagalo.org\/calendario.htm\">http:\/\/www.apagalo.org\/calendario.htm<\/a><\/p>\n<p><a href=\"http:\/\/www.apagalo.org\/campana.htm\">http:\/\/www.apagalo.org\/campana.htm<\/a><\/p>\n","protected":false},"excerpt":{"rendered":"<p>Apagen su celular este 29 de septiembre. &#8220;Ap\u00e1galo es una campa\u00f1a nacional de protesta contra las tarifas abusivas de los operadores de telefon\u00eda m\u00f3vil, las que cobran hasta m\u00e1s de 100 veces m\u00e1s por una llamada local desde el celular en comparaci\u00f3n a un tel\u00e9fono fijo (llamada local $2 desde tel\u00e9fono fijo (horario econ\u00f3mico), celular [&hellip;]<\/p>\n","protected":false},"author":1,"featured_media":0,"comment_status":"open","ping_status":"closed","sticky":false,"template":"","format":"standard","meta":{"jetpack_post_was_ever_published":false,"_jetpack_newsletter_access":"","_jetpack_dont_email_post_to_subs":false,"_jetpack_newsletter_tier_id":0,"_jetpack_memberships_contains_paywalled_content":false,"_jetpack_memberships_contains_paid_content":false,"footnotes":"","jetpack_publicize_message":"","jetpack_publicize_feature_enabled":true,"jetpack_social_post_already_shared":false,"jetpack_social_options":{"image_generator_settings":{"template":"highway","default_image_id":0,"font":"","enabled":false},"version":2}},"categories":[2,10],"tags":[],"class_list":["post-31","post","type-post","status-publish","format-standard","hentry","category-personal","category-protesta"],"jetpack_publicize_connections":[],"jetpack_featured_media_url":"","jetpack_shortlink":"https:\/\/wp.me\/p5Pxa3-v","jetpack_sharing_enabled":true,"_links":{"self":[{"href":"https:\/\/stefano.salvatori.cl\/blog\/wp-json\/wp\/v2\/posts\/31","targetHints":{"allow":["GET"]}}],"collection":[{"href":"https:\/\/stefano.salvatori.cl\/blog\/wp-json\/wp\/v2\/posts"}],"about":[{"href":"https:\/\/stefano.salvatori.cl\/blog\/wp-json\/wp\/v2\/types\/post"}],"author":[{"embeddable":true,"href":"https:\/\/stefano.salvatori.cl\/blog\/wp-json\/wp\/v2\/users\/1"}],"replies":[{"embeddable":true,"href":"https:\/\/stefano.salvatori.cl\/blog\/wp-json\/wp\/v2\/comments?post=31"}],"version-history":[{"count":0,"href":"https:\/\/stefano.salvatori.cl\/blog\/wp-json\/wp\/v2\/posts\/31\/revisions"}],"wp:attachment":[{"href":"https:\/\/stefano.salvatori.cl\/blog\/wp-json\/wp\/v2\/media?parent=31"}],"wp:term":[{"taxonomy":"category","embeddable":true,"href":"https:\/\/stefano.salvatori.cl\/blog\/wp-json\/wp\/v2\/categories?post=31"},{"taxonomy":"post_tag","embeddable":true,"href":"https:\/\/stefano.salvatori.cl\/blog\/wp-json\/wp\/v2\/tags?post=31"}],"curies":[{"name":"wp","href":"https:\/\/api.w.org\/{rel}","templated":true}]}}